{"id":7058,"date":"2026-04-26T11:36:36","date_gmt":"2026-04-26T09:36:36","guid":{"rendered":"https:\/\/csrgniezno.pl\/?p=7058"},"modified":"2026-04-26T11:36:36","modified_gmt":"2026-04-26T09:36:36","slug":"udzial-uczniow-cechowej-szkoly-rzemieslniczej-w-gnieznie-w-procesji-ku-czci-swietego-wojciecha","status":"publish","type":"post","link":"https:\/\/csrgniezno.pl\/?p=7058","title":{"rendered":"Udzia\u0142 uczni\u00f3w Cechowej Szko\u0142y Rzemie\u015blniczej w Gnie\u017anie w procesji ku czci \u015awi\u0119tego Wojciecha"},"content":{"rendered":"\n<p>Delegacja Cechowej Szko\u0142y Rzemie\u015blniczej w Gnie\u017anie oraz reprezentacja Cechu Rzemios\u0142a i Ma\u0142ej Przedsi\u0119biorczo\u015bci w Gnie\u017anie, wzi\u0119\u0142y udzia\u0142 w uroczystej procesji ku czci \u015awi\u0119tego Wojciecha \u2013 jednego z najwa\u017cniejszych patron\u00f3w Polski oraz szczeg\u00f3lnie istotnej postaci dla historii Gniezna.<br>Wydarzenie to zgromadzi\u0142o liczne delegacje, mieszka\u0144c\u00f3w oraz przedstawicieli r\u00f3\u017cnych \u015brodowisk, stanowi\u0105c wa\u017cny element lokalnej tradycji i to\u017csamo\u015bci. Udzia\u0142 naszej m\u0142odzie\u017cy by\u0142 wyrazem szacunku dla dziedzictwa kulturowego Naszej Ma\u0142ej Ojczyzny, a tak\u017ce okazj\u0105 do bezpo\u015bredniego do\u015bwiadczenia historii i wsp\u00f3lnotowego charakteru takich uroczysto\u015bci.<br>Uczniowie zaprezentowali si\u0119 z du\u017c\u0105 kultur\u0105 i zaanga\u017cowaniem, godnie reprezentuj\u0105c spo\u0142eczno\u015b\u0107 Cechowej Szko\u0142y Rzemie\u015blniczej w Gnie\u017anie. Ich postawa potwierdza, \u017ce m\u0142ode pokolenie rzemie\u015blnik\u00f3w nie tylko zdobywa umiej\u0119tno\u015bci zawodowe, ale r\u00f3wnie\u017c rozwija \u015bwiadomo\u015b\u0107 spo\u0142eczn\u0105 i przywi\u0105zanie do tradycji.<\/p>\n\n\n\n<p>Dzi\u0119kujemy uczniom za udzia\u0142 oraz nauczycielom za opiek\u0119 i przygotowanie m\u0142odzie\u017cy do tego wa\u017cnego wydarzenia.<\/p>\n\n\n\n<p>fotografie w\u0142asne oraz dzi\u0119ki uprzejmo\u015bci Gniezno24.com<\/p>\n\n\n\n<figure class=\"wp-block-gallery has-nested-images columns-1 is-cropped wp-block-gallery-1 is-layout-flex wp-block-gallery-is-layout-flex\">\n<figure class=\"wp-block-image size-large\"><img decoding=\"async\" width=\"1024\" height=\"768\" data-id=\"7060\" data-src=\"https:\/\/csrgniezno.pl\/wp-content\/uploads\/2026\/04\/d6ac5fba-56f7-401b-8065-50eea4896bf9-1024x768.jpg\" alt=\"\" class=\"wp-image-7060 lazyload\" data-srcset=\"https:\/\/csrgniezno.pl\/wp-content\/uploads\/2026\/04\/d6ac5fba-56f7-401b-8065-50eea4896bf9-1024x768.jpg 1024w, https:\/\/csrgniezno.pl\/wp-content\/uploads\/2026\/04\/d6ac5fba-56f7-401b-8065-50eea4896bf9-300x225.jpg 300w, https:\/\/csrgniezno.pl\/wp-content\/uploads\/2026\/04\/d6ac5fba-56f7-401b-8065-50eea4896bf9-768x576.jpg 768w, https:\/\/csrgniezno.pl\/wp-content\/uploads\/2026\/04\/d6ac5fba-56f7-401b-8065-50eea4896bf9-1536x1152.jpg 1536w, https:\/\/csrgniezno.pl\/wp-content\/uploads\/2026\/04\/d6ac5fba-56f7-401b-8065-50eea4896bf9.jpg 2048w\" data-sizes=\"(max-width: 1024px) 100vw, 1024px\" src=\"data:image\/gif;base64,R0lGODlhAQABAAAAACH5BAEKAAEALAAAAAABAAEAAAICTAEAOw==\" style=\"--smush-placeholder-width: 1024px; --smush-placeholder-aspect-ratio: 1024\/768;\" \/><\/figure>\n\n\n\n<figure class=\"wp-block-image size-large\"><img decoding=\"async\" width=\"1024\" height=\"768\" data-id=\"7061\" data-src=\"https:\/\/csrgniezno.pl\/wp-content\/uploads\/2026\/04\/4e5d7db7-0c97-4636-8848-6517c713e3c4-1024x768.jpg\" alt=\"\" class=\"wp-image-7061 lazyload\" data-srcset=\"https:\/\/csrgniezno.pl\/wp-content\/uploads\/2026\/04\/4e5d7db7-0c97-4636-8848-6517c713e3c4-1024x768.jpg 1024w, https:\/\/csrgniezno.pl\/wp-content\/uploads\/2026\/04\/4e5d7db7-0c97-4636-8848-6517c713e3c4-300x225.jpg 300w, https:\/\/csrgniezno.pl\/wp-content\/uploads\/2026\/04\/4e5d7db7-0c97-4636-8848-6517c713e3c4-768x576.jpg 768w, https:\/\/csrgniezno.pl\/wp-content\/uploads\/2026\/04\/4e5d7db7-0c97-4636-8848-6517c713e3c4-1536x1152.jpg 1536w, https:\/\/csrgniezno.pl\/wp-content\/uploads\/2026\/04\/4e5d7db7-0c97-4636-8848-6517c713e3c4.jpg 2048w\" data-sizes=\"(max-width: 1024px) 100vw, 1024px\" src=\"data:image\/gif;base64,R0lGODlhAQABAAAAACH5BAEKAAEALAAAAAABAAEAAAICTAEAOw==\" style=\"--smush-placeholder-width: 1024px; --smush-placeholder-aspect-ratio: 1024\/768;\" \/><\/figure>\n\n\n\n<figure class=\"wp-block-image size-large\"><img decoding=\"async\" width=\"1000\" height=\"665\" data-id=\"7059\" data-src=\"https:\/\/csrgniezno.pl\/wp-content\/uploads\/2026\/04\/poranna-procesja-041.jpg\" alt=\"\" class=\"wp-image-7059 lazyload\" data-srcset=\"https:\/\/csrgniezno.pl\/wp-content\/uploads\/2026\/04\/poranna-procesja-041.jpg 1000w, https:\/\/csrgniezno.pl\/wp-content\/uploads\/2026\/04\/poranna-procesja-041-300x200.jpg 300w, https:\/\/csrgniezno.pl\/wp-content\/uploads\/2026\/04\/poranna-procesja-041-768x511.jpg 768w\" data-sizes=\"(max-width: 1000px) 100vw, 1000px\" src=\"data:image\/gif;base64,R0lGODlhAQABAAAAACH5BAEKAAEALAAAAAABAAEAAAICTAEAOw==\" style=\"--smush-placeholder-width: 1000px; --smush-placeholder-aspect-ratio: 1000\/665;\" \/><\/figure>\n<\/figure>\n","protected":false},"excerpt":{"rendered":"<p>Delegacja Cechowej Szko\u0142y Rzemie\u015blniczej w Gnie\u017anie oraz reprezentacja Cechu Rzemios\u0142a i Ma\u0142ej Przedsi\u0119biorczo\u015bci w Gnie\u017anie, wzi\u0119\u0142y udzia\u0142 w uroczystej procesji ku czci \u015awi\u0119tego Wojciecha \u2013 jednego z najwa\u017cniejszych patron\u00f3w Polski oraz szczeg\u00f3lnie istotnej postaci dla historii Gniezna.Wydarzenie to zgromadzi\u0142o liczne delegacje, mieszka\u0144c\u00f3w oraz przedstawicieli r\u00f3\u017cnych \u015brodowisk, stanowi\u0105c wa\u017cny element lokalnej tradycji i to\u017csamo\u015bci. Udzia\u0142 naszej [&hellip;]<\/p>\n","protected":false},"author":2,"featured_media":0,"comment_status":"closed","ping_status":"closed","sticky":false,"template":"","format":"standard","meta":{"footnotes":""},"categories":[2,3],"tags":[],"class_list":["post-7058","post","type-post","status-publish","format-standard","hentry","category-informacja","category-wydarzenie"],"_links":{"self":[{"href":"https:\/\/csrgniezno.pl\/index.php?rest_route=\/wp\/v2\/posts\/7058","targetHints":{"allow":["GET"]}}],"collection":[{"href":"https:\/\/csrgniezno.pl\/index.php?rest_route=\/wp\/v2\/posts"}],"about":[{"href":"https:\/\/csrgniezno.pl\/index.php?rest_route=\/wp\/v2\/types\/post"}],"author":[{"embeddable":true,"href":"https:\/\/csrgniezno.pl\/index.php?rest_route=\/wp\/v2\/users\/2"}],"replies":[{"embeddable":true,"href":"https:\/\/csrgniezno.pl\/index.php?rest_route=%2Fwp%2Fv2%2Fcomments&post=7058"}],"version-history":[{"count":1,"href":"https:\/\/csrgniezno.pl\/index.php?rest_route=\/wp\/v2\/posts\/7058\/revisions"}],"predecessor-version":[{"id":7062,"href":"https:\/\/csrgniezno.pl\/index.php?rest_route=\/wp\/v2\/posts\/7058\/revisions\/7062"}],"wp:attachment":[{"href":"https:\/\/csrgniezno.pl\/index.php?rest_route=%2Fwp%2Fv2%2Fmedia&parent=7058"}],"wp:term":[{"taxonomy":"category","embeddable":true,"href":"https:\/\/csrgniezno.pl\/index.php?rest_route=%2Fwp%2Fv2%2Fcategories&post=7058"},{"taxonomy":"post_tag","embeddable":true,"href":"https:\/\/csrgniezno.pl\/index.php?rest_route=%2Fwp%2Fv2%2Ftags&post=7058"}],"curies":[{"name":"wp","href":"https:\/\/api.w.org\/{rel}","templated":true}]}}