{"id":7193,"date":"2026-09-02T12:50:59","date_gmt":"2026-09-02T10:50:59","guid":{"rendered":"https:\/\/csrgniezno.pl\/?p=7193"},"modified":"2026-09-02T12:50:59","modified_gmt":"2026-09-02T10:50:59","slug":"cechowa-szkola-rzemieslnicza-w-gnieznie-pamieta-87-rocznica-wybuchu-ii-wojny-swiatowej","status":"publish","type":"post","link":"https:\/\/csrgniezno.pl\/?p=7193","title":{"rendered":"Cechowa Szko\u0142a Rzemie\u015blnicza w Gnie\u017anie pami\u0119ta \u2013 87. rocznica wybuchu II wojny \u015bwiatowej"},"content":{"rendered":"\n<p class=\"wp-block-paragraph\">1 wrze\u015bnia przedstawiciele spo\u0142eczno\u015bci <strong>Cechowej Szko\u0142y Rzemie\u015blniczej w Gnie\u017anie<\/strong> uczestniczyli w miejskich obchodach upami\u0119tniaj\u0105cych <strong>87. rocznic\u0119 wybuchu II wojny \u015bwiatowej<\/strong>.<br>Uroczysto\u015b\u0107 odby\u0142a si\u0119 pod pomnikiem <strong>\u201eKu czci poleg\u0142ych w latach II wojny \u015bwiatowej\u201d<\/strong> w parku im. Tadeusza Ko\u015bciuszki w Gnie\u017anie. By\u0142 to czas wsp\u00f3lnej refleksji, zadumy oraz oddania ho\u0142du wszystkim ofiarom wojny i tym, kt\u00f3rzy walczyli o wolno\u015b\u0107 naszej Ojczyzny.<br>Symboliczne z\u0142o\u017cenie kwiat\u00f3w sta\u0142o si\u0119 wyrazem naszej pami\u0119ci i szacunku dla pokolenia, kt\u00f3re do\u015bwiadczy\u0142o wojny, okupacji, cierpienia i utraty najbli\u017cszych. Dla m\u0142odego pokolenia udzia\u0142 w takich uroczysto\u015bciach jest r\u00f3wnie\u017c wa\u017cn\u0105 lekcj\u0105 historii i patriotyzmu.<br>Wspominaj\u0105c wydarzenia sprzed 87 lat, pami\u0119tajmy, jak wielk\u0105 warto\u015bci\u0105 s\u0105 <strong>pok\u00f3j, wolno\u015b\u0107 i niepodleg\u0142o\u015b\u0107<\/strong>. To warto\u015bci, kt\u00f3re wymagaj\u0105 troski i odpowiedzialno\u015bci ka\u017cdego pokolenia.<br><strong>Cze\u015b\u0107 i chwa\u0142a Bohaterom! <\/strong><br><strong>Pami\u0119tamy.<\/strong><\/p>\n\n\n<div class=\"wp-block-image\">\n<figure class=\"aligncenter size-full\"><img decoding=\"async\" width=\"693\" height=\"923\" data-src=\"https:\/\/csrgniezno.pl\/wp-content\/uploads\/2026\/09\/511dd900-5771-4129-a758-c073ab71db20.jpg\" alt=\"\" class=\"wp-image-7194 lazyload\" data-srcset=\"https:\/\/csrgniezno.pl\/wp-content\/uploads\/2026\/09\/511dd900-5771-4129-a758-c073ab71db20.jpg 693w, https:\/\/csrgniezno.pl\/wp-content\/uploads\/2026\/09\/511dd900-5771-4129-a758-c073ab71db20-225x300.jpg 225w\" data-sizes=\"(max-width: 693px) 100vw, 693px\" src=\"data:image\/gif;base64,R0lGODlhAQABAAAAACH5BAEKAAEALAAAAAABAAEAAAICTAEAOw==\" style=\"--smush-placeholder-width: 693px; --smush-placeholder-aspect-ratio: 693\/923;\" \/><\/figure>\n<\/div>","protected":false},"excerpt":{"rendered":"<p>1 wrze\u015bnia przedstawiciele spo\u0142eczno\u015bci Cechowej Szko\u0142y Rzemie\u015blniczej w Gnie\u017anie uczestniczyli w miejskich obchodach upami\u0119tniaj\u0105cych 87. rocznic\u0119 wybuchu II wojny \u015bwiatowej.Uroczysto\u015b\u0107 odby\u0142a si\u0119 pod pomnikiem \u201eKu czci poleg\u0142ych w latach II wojny \u015bwiatowej\u201d w parku im. Tadeusza Ko\u015bciuszki w Gnie\u017anie. By\u0142 to czas wsp\u00f3lnej refleksji, zadumy oraz oddania ho\u0142du wszystkim ofiarom wojny i tym, kt\u00f3rzy walczyli [&hellip;]<\/p>\n","protected":false},"author":2,"featured_media":0,"comment_status":"closed","ping_status":"closed","sticky":false,"template":"","format":"standard","meta":{"footnotes":""},"categories":[2,3],"tags":[],"class_list":["post-7193","post","type-post","status-publish","format-standard","hentry","category-informacja","category-wydarzenie"],"_links":{"self":[{"href":"https:\/\/csrgniezno.pl\/index.php?rest_route=\/wp\/v2\/posts\/7193","targetHints":{"allow":["GET"]}}],"collection":[{"href":"https:\/\/csrgniezno.pl\/index.php?rest_route=\/wp\/v2\/posts"}],"about":[{"href":"https:\/\/csrgniezno.pl\/index.php?rest_route=\/wp\/v2\/types\/post"}],"author":[{"embeddable":true,"href":"https:\/\/csrgniezno.pl\/index.php?rest_route=\/wp\/v2\/users\/2"}],"replies":[{"embeddable":true,"href":"https:\/\/csrgniezno.pl\/index.php?rest_route=%2Fwp%2Fv2%2Fcomments&post=7193"}],"version-history":[{"count":1,"href":"https:\/\/csrgniezno.pl\/index.php?rest_route=\/wp\/v2\/posts\/7193\/revisions"}],"predecessor-version":[{"id":7195,"href":"https:\/\/csrgniezno.pl\/index.php?rest_route=\/wp\/v2\/posts\/7193\/revisions\/7195"}],"wp:attachment":[{"href":"https:\/\/csrgniezno.pl\/index.php?rest_route=%2Fwp%2Fv2%2Fmedia&parent=7193"}],"wp:term":[{"taxonomy":"category","embeddable":true,"href":"https:\/\/csrgniezno.pl\/index.php?rest_route=%2Fwp%2Fv2%2Fcategories&post=7193"},{"taxonomy":"post_tag","embeddable":true,"href":"https:\/\/csrgniezno.pl\/index.php?rest_route=%2Fwp%2Fv2%2Ftags&post=7193"}],"curies":[{"name":"wp","href":"https:\/\/api.w.org\/{rel}","templated":true}]}}